{"id":2941,"date":"2019-04-22T19:30:06","date_gmt":"2019-04-22T17:30:06","guid":{"rendered":"http:\/\/www.torneosanlazzaro.it\/?p=2941"},"modified":"2019-04-22T19:30:06","modified_gmt":"2019-04-22T17:30:06","slug":"le-squadre-della-12-edizione","status":"publish","type":"post","link":"https:\/\/www.torneosanlazzaro.it\/index.php\/2019\/04\/22\/le-squadre-della-12-edizione\/","title":{"rendered":"Le squadre della 12\u00b0 Edizione"},"content":{"rendered":"<p style=\"text-align: center;\">Abbiamo finalmente l&#8217;elenco delle squadre che cercheranno di conquistare il gradino pi\u00f9 alto del podio&#8230;<br \/>\no l&#8217;ambitissimo Cucchiaio di Legno!<\/p>\n<p><img loading=\"lazy\" decoding=\"async\" class=\"aligncenter size-full wp-image-2919\" src=\"http:\/\/www.torneosanlazzaro.it\/wp-content\/uploads\/2019\/04\/Squadre-iscritte-complessivo-2019-ver-2.png\" alt=\"\" width=\"1000\" height=\"1000\" srcset=\"https:\/\/www.torneosanlazzaro.it\/wp-content\/uploads\/2019\/04\/Squadre-iscritte-complessivo-2019-ver-2.png 1000w, https:\/\/www.torneosanlazzaro.it\/wp-content\/uploads\/2019\/04\/Squadre-iscritte-complessivo-2019-ver-2-150x150.png 150w, https:\/\/www.torneosanlazzaro.it\/wp-content\/uploads\/2019\/04\/Squadre-iscritte-complessivo-2019-ver-2-300x300.png 300w, https:\/\/www.torneosanlazzaro.it\/wp-content\/uploads\/2019\/04\/Squadre-iscritte-complessivo-2019-ver-2-768x768.png 768w, https:\/\/www.torneosanlazzaro.it\/wp-content\/uploads\/2019\/04\/Squadre-iscritte-complessivo-2019-ver-2-128x128.png 128w, https:\/\/www.torneosanlazzaro.it\/wp-content\/uploads\/2019\/04\/Squadre-iscritte-complessivo-2019-ver-2-32x32.png 32w\" sizes=\"auto, (max-width: 1000px) 100vw, 1000px\" \/><\/p>\n<p style=\"text-align: center;\">L&#8217;appuntamento \u00e8 fissato per Luned\u00ec 13 Maggio!<\/p>\n<!-- AddThis Advanced Settings generic via filter on the_content --><!-- AddThis Share Buttons generic via filter on the_content -->","protected":false},"excerpt":{"rendered":"<p>Abbiamo finalmente l&#8217;elenco delle squadre che cercheranno di conquistare il gradino pi\u00f9 alto del podio&#8230; o l&#8217;ambitissimo Cucchiaio di Legno! L&#8217;appuntamento \u00e8 fissato per Luned\u00ec 13 Maggio!<!-- AddThis Advanced Settings generic via filter on wp_trim_excerpt --><!-- AddThis Share Buttons generic via filter on wp_trim_excerpt --><\/p>\n","protected":false},"author":1,"featured_media":0,"comment_status":"open","ping_status":"open","sticky":false,"template":"","format":"standard","meta":{"footnotes":""},"categories":[42],"tags":[],"class_list":["post-2941","post","type-post","status-publish","format-standard","hentry","category-news"],"_links":{"self":[{"href":"https:\/\/www.torneosanlazzaro.it\/index.php\/wp-json\/wp\/v2\/posts\/2941","targetHints":{"allow":["GET"]}}],"collection":[{"href":"https:\/\/www.torneosanlazzaro.it\/index.php\/wp-json\/wp\/v2\/posts"}],"about":[{"href":"https:\/\/www.torneosanlazzaro.it\/index.php\/wp-json\/wp\/v2\/types\/post"}],"author":[{"embeddable":true,"href":"https:\/\/www.torneosanlazzaro.it\/index.php\/wp-json\/wp\/v2\/users\/1"}],"replies":[{"embeddable":true,"href":"https:\/\/www.torneosanlazzaro.it\/index.php\/wp-json\/wp\/v2\/comments?post=2941"}],"version-history":[{"count":2,"href":"https:\/\/www.torneosanlazzaro.it\/index.php\/wp-json\/wp\/v2\/posts\/2941\/revisions"}],"predecessor-version":[{"id":2946,"href":"https:\/\/www.torneosanlazzaro.it\/index.php\/wp-json\/wp\/v2\/posts\/2941\/revisions\/2946"}],"wp:attachment":[{"href":"https:\/\/www.torneosanlazzaro.it\/index.php\/wp-json\/wp\/v2\/media?parent=2941"}],"wp:term":[{"taxonomy":"category","embeddable":true,"href":"https:\/\/www.torneosanlazzaro.it\/index.php\/wp-json\/wp\/v2\/categories?post=2941"},{"taxonomy":"post_tag","embeddable":true,"href":"https:\/\/www.torneosanlazzaro.it\/index.php\/wp-json\/wp\/v2\/tags?post=2941"}],"curies":[{"name":"wp","href":"https:\/\/api.w.org\/{rel}","templated":true}]}}